{"id":2097,"date":"2022-11-20T15:16:48","date_gmt":"2022-11-20T14:16:48","guid":{"rendered":"https:\/\/paideiacampus.org\/?p=2097"},"modified":"2022-12-07T15:45:07","modified_gmt":"2022-12-07T14:45:07","slug":"cucina-italiana-identita-memoria-convivialita-innovazione-sostenibilita","status":"publish","type":"post","link":"https:\/\/paideiacampus.org\/en\/cucina-italiana-identita-memoria-convivialita-innovazione-sostenibilita\/","title":{"rendered":"Italian Cuisine: a journey through identity, memory, conviviality, innovation and sustainability"},"content":{"rendered":"\n\n\n<h3 class=\"wp-block-heading\"><strong><em>Mangiare \u00e8 un atto politico e \u201cd\u2019amore\u201d: cronache dalla Settimana della Cucina Italiana della Farnesina.<\/em><\/strong><\/h3>\n\n\n\n<p>Si \u00e8 appena conclusa la settima edizione della&nbsp;<strong>\u201cSettimana della Cucina Italiana\u201d,&nbsp;<\/strong>la rassegna della Farnesina nata a valle di&nbsp;<strong>Expo 2015 Milano<\/strong>&nbsp;per valorizzare all\u2019estero le eccellenze enogastronomiche italiane, attraverso la rete di Ambasciate, Consolati, Istituti di cultura e uffici ICE \u2013 Agenzia per la promozione all\u2019estero e l\u2019internazionalizzazione delle imprese italiane.<\/p>\n\n\n\n<p>Quest\u2019anno, il Sistema Italia ha espresso il proprio patrimonio agroalimentare in pi\u00f9 di 1000 iniziative in oltre 100 Paesi, coinvolgendo tutti gli stakeholder della filiera, dagli chef, agli agricoltori, agli esperti, scienziati, startup, giornalisti, policy makers, giovani, distributori, trasformatori e produttori.&nbsp;<\/p>\n\n\n\n<p><a href=\"https:\/\/futurefoodinstitute.org\/\">Future Food Institute<\/a>, come ogni anno, ha supportato questo viaggio promozionale, valorizzando il tema della rassegna, ossia \u201cConvivialit\u00e0, sostenibilit\u00e0 e innovazione: gli ingredienti della cucina italiana per la salute delle persone e la tutela del pianeta\u201d e facendolo in linea con i valori che guidano il nostro ecosistema e che coincidono con lo spirito di tale iniziativa ministeriale.\u00a0<\/p>\n\n\n\n<p>La cucina italiana \u00e8 infatti, come direbbe Jean Brunhes, il geografo francese che ha scritto&nbsp;\u201cLa g\u00e9ographie humaine\u201d,&nbsp;<strong>\u201cincorporare un territorio\u201d<\/strong>, con tutta la sua cultura, memoria in accezione proustiana, ecosistema, biodiversit\u00e0, storia, diplomazia, ritualit\u00e0, identit\u00e0, risorse naturali e l\u2019attenzione a preservarle, soprattutto nella crisi climatica in corso, \u00e8 maestria, \u00e8 tramandare tradizioni, \u00e8 sperimentare innovazioni, \u00e8 salute, \u00e8 preoccuparsi di quel che si mangia e nel contempo chi abbiamo di fronte quando mangiamo, come direbbe Epicuro. L\u2019Italia nel piatto \u00e8 tutto questo e Future Food Institute \u00e8 partito da tutte queste dimensioni per mettere in valigia i principi della cucina italiana e partire per:<\/p>\n\n\n\n<ol class=\"wp-block-list\">\n<li>Kazakhstan (Astana), dove dal 12 al 15 Novembre abbiamo supportato l\u2019Ambasciata Italiana guidata da S.E. Marco Alberti;&nbsp;<\/li>\n\n\n\n<li>Germania (Berlino), dove dal 15 al 16 Novembre abbiamo supportato l\u2019Ambasciata Italiana guidata da S.E. Armando Varricchio;&nbsp;<\/li>\n\n\n\n<li>Stati Uniti (New York), dove dal 16 al 18 Novembre abbiamo supportato il Consolato Generale d\u2019Italia guidato dal Min. Plen. Fabrizio Di Michele;<\/li>\n\n\n\n<li>Giappone (Tokyo), dove il 17&nbsp; Novembre abbiamo realizzato un evento patrocinato dall\u2019Ambasciata italiana guidata da S.E. Gianluigi Benedetti;<\/li>\n\n\n\n<li>Nazioni Unite HQ (New York), dove il 18\u00a0 Novembre, con il Comune di Pollica, abbiamo realizzato un evento promosso dalla Rappresentanza Permanente italiana guidata da S.E. Maurizio Massari.<\/li>\n<\/ol>\n\n\n\n[&#8230;]\n\n\n\n<p>A New York, con la nostra Rappresentanza Permanente, nel quartier generale delle Nazioni Unite, abbiamo celebrato la Cucina Italiana come potente veicolo capace di diffondere la Dieta Mediterranea nel Mondo. Un momento di enorme valore che ha chiuso l\u2019anno di presidenza Italiana del <a href=\"https:\/\/mediterraneandietunesco.org\/\">Network delle Comunit\u00e0 Emblematiche UNESCO della Dieta Mediterranea<\/a> presieduto da Stefano Pisani, Sindaco del Comune di Pollica. \u201cLa conferenza organizzata all\u2019\u2019Onu \u00e8 stata fondamentale per mettere in luce la ricchezza offerta dal Patrimonio Immateriale \u201cDieta Mediterranea\u201d come vero framework culturale di sviluppo che racchiude in s\u00e9 tutti i valori e le priorit\u00e0 dettate dall\u2019Agenda 2030. Un modello radicato nella storia, la nostra storia, ma estremamente proiettato verso il futuro. L\u2019approccio ecologico integrale che caratterizza lo Stile di Vita Mediterraneo si manifesta in modo concreto in politiche di rigenerazione e sviluppo sostenibile che mirano alla salute delle comunit\u00e0 locali e alla tutela delle risorse e dei territori. E\u2019 il punto di partenza per generare nuove connessioni verso uno sviluppo sempre pi\u00f9 sostenibile, per rafforzare alleanze strategiche e potenziarne la diffusione sul piano nazionale e internazionale.\u201d<\/p>\n","protected":false},"excerpt":{"rendered":"<p>Mangiare \u00e8 un atto politico e \u201cd\u2019amore\u201d: cronache dalla Settimana della Cucina Italiana della Farnesina. Si \u00e8 appena conclusa la settima edizione della&nbsp;\u201cSettimana della Cucina Italiana\u201d,&nbsp;la rassegna della Farnesina nata a valle di&nbsp;Expo 2015 Milano&nbsp;per valorizzare all\u2019estero le eccellenze enogastronomiche italiane, attraverso la rete di Ambasciate, Consolati, Istituti di cultura e uffici ICE \u2013 Agenzia [&#8230;]\n","protected":false},"author":7,"featured_media":2099,"comment_status":"closed","ping_status":"closed","sticky":false,"template":"","format":"standard","meta":{"om_disable_all_campaigns":false,"_monsterinsights_skip_tracking":false,"_monsterinsights_sitenote_active":false,"_monsterinsights_sitenote_note":"","_monsterinsights_sitenote_category":0,"footnotes":""},"categories":[9,7],"tags":[38,90,81,36,92,75,91],"class_list":["post-2097","post","type-post","status-publish","format-standard","has-post-thumbnail","hentry","category-community","category-news","tag-biodiversita","tag-cuisine-week","tag-dieta-mediterranea","tag-filiere","tag-future-food-institute","tag-pollica","tag-united-nations"],"aioseo_notices":[],"yoast_head":"<!-- This site is optimized with the Yoast SEO plugin v19.14 - https:\/\/yoast.com\/wordpress\/plugins\/seo\/ -->\n<title>Cucina Italiana: un viaggio tra identit\u00e0, memoria, convivialit\u00e0, innovazione e sostenibilit\u00e0 - Paideia Campus<\/title>\n<meta name=\"description\" content=\"Future Food Institute ha supportato questo viaggio promozionale, valorizzando la rassegna \u201cConvivialit\u00e0, sostenibilit\u00e0 e innovazione: gli ingredienti della cucina italiana per la salute delle persone e la tutela del pianeta\u201d\" \/>\n<meta name=\"robots\" content=\"index, follow, max-snippet:-1, max-image-preview:large, max-video-preview:-1\" \/>\n<link rel=\"canonical\" href=\"https:\/\/paideiacampus.org\/en\/cucina-italiana-identita-memoria-convivialita-innovazione-sostenibilita\/\" \/>\n<meta property=\"og:locale\" content=\"en_US\" \/>\n<meta property=\"og:type\" content=\"article\" \/>\n<meta property=\"og:title\" content=\"Cucina Italiana: un viaggio tra identit\u00e0, memoria, convivialit\u00e0, innovazione e sostenibilit\u00e0 - Paideia Campus\" \/>\n<meta property=\"og:description\" content=\"Future Food Institute ha supportato questo viaggio promozionale, valorizzando la rassegna \u201cConvivialit\u00e0, sostenibilit\u00e0 e innovazione: gli ingredienti della cucina italiana per la salute delle persone e la tutela del pianeta\u201d\" \/>\n<meta property=\"og:url\" content=\"https:\/\/paideiacampus.org\/en\/cucina-italiana-identita-memoria-convivialita-innovazione-sostenibilita\/\" \/>\n<meta property=\"og:site_name\" content=\"Paideia Campus\" \/>\n<meta property=\"article:published_time\" content=\"2022-11-20T14:16:48+00:00\" \/>\n<meta property=\"article:modified_time\" content=\"2022-12-07T14:45:07+00:00\" \/>\n<meta property=\"og:image\" content=\"https:\/\/paideiacampus.org\/wp-content\/uploads\/2022\/12\/Schermata-2022-11-23-alle-08.40.47-e1669191417628-1024x563-1.png\" \/>\n\t<meta property=\"og:image:width\" content=\"1024\" \/>\n\t<meta property=\"og:image:height\" content=\"563\" \/>\n\t<meta property=\"og:image:type\" content=\"image\/png\" \/>\n<meta name=\"author\" content=\"Pollica_FFI\" \/>\n<meta name=\"twitter:card\" content=\"summary_large_image\" \/>\n<meta name=\"twitter:label1\" content=\"Written by\" \/>\n\t<meta name=\"twitter:data1\" content=\"Pollica_FFI\" \/>\n\t<meta name=\"twitter:label2\" content=\"Est. reading time\" \/>\n\t<meta name=\"twitter:data2\" content=\"3 minutes\" \/>\n<script type=\"application\/ld+json\" class=\"yoast-schema-graph\">{\"@context\":\"https:\/\/schema.org\",\"@graph\":[{\"@type\":\"WebPage\",\"@id\":\"https:\/\/paideiacampus.org\/cucina-italiana-identita-memoria-convivialita-innovazione-sostenibilita\/\",\"url\":\"https:\/\/paideiacampus.org\/cucina-italiana-identita-memoria-convivialita-innovazione-sostenibilita\/\",\"name\":\"Cucina Italiana: un viaggio tra identit\u00e0, memoria, convivialit\u00e0, innovazione e sostenibilit\u00e0 - Paideia Campus\",\"isPartOf\":{\"@id\":\"https:\/\/paideiacampus.org\/#website\"},\"datePublished\":\"2022-11-20T14:16:48+00:00\",\"dateModified\":\"2022-12-07T14:45:07+00:00\",\"author\":{\"@id\":\"https:\/\/paideiacampus.org\/#\/schema\/person\/046b8d9dbb0aa2ff19995f6c947295dd\"},\"description\":\"Future Food Institute ha supportato questo viaggio promozionale, valorizzando la rassegna \u201cConvivialit\u00e0, sostenibilit\u00e0 e innovazione: gli ingredienti della cucina italiana per la salute delle persone e la tutela del pianeta\u201d\",\"breadcrumb\":{\"@id\":\"https:\/\/paideiacampus.org\/cucina-italiana-identita-memoria-convivialita-innovazione-sostenibilita\/#breadcrumb\"},\"inLanguage\":\"en-US\",\"potentialAction\":[{\"@type\":\"ReadAction\",\"target\":[\"https:\/\/paideiacampus.org\/cucina-italiana-identita-memoria-convivialita-innovazione-sostenibilita\/\"]}]},{\"@type\":\"BreadcrumbList\",\"@id\":\"https:\/\/paideiacampus.org\/cucina-italiana-identita-memoria-convivialita-innovazione-sostenibilita\/#breadcrumb\",\"itemListElement\":[{\"@type\":\"ListItem\",\"position\":1,\"name\":\"Home\",\"item\":\"https:\/\/paideiacampus.org\/\"},{\"@type\":\"ListItem\",\"position\":2,\"name\":\"Cucina Italiana: un viaggio tra identit\u00e0, memoria, convivialit\u00e0, innovazione e sostenibilit\u00e0\"}]},{\"@type\":\"WebSite\",\"@id\":\"https:\/\/paideiacampus.org\/#website\",\"url\":\"https:\/\/paideiacampus.org\/\",\"name\":\"Paideia Campus\",\"description\":\"\",\"potentialAction\":[{\"@type\":\"SearchAction\",\"target\":{\"@type\":\"EntryPoint\",\"urlTemplate\":\"https:\/\/paideiacampus.org\/?s={search_term_string}\"},\"query-input\":\"required name=search_term_string\"}],\"inLanguage\":\"en-US\"},{\"@type\":\"Person\",\"@id\":\"https:\/\/paideiacampus.org\/#\/schema\/person\/046b8d9dbb0aa2ff19995f6c947295dd\",\"name\":\"Pollica_FFI\",\"image\":{\"@type\":\"ImageObject\",\"inLanguage\":\"en-US\",\"@id\":\"https:\/\/paideiacampus.org\/#\/schema\/person\/image\/\",\"url\":\"https:\/\/secure.gravatar.com\/avatar\/12ca124ad67e71bae08ea4897c864b88985a894c1b0e220a1d1925f998458f92?s=96&d=mm&r=g\",\"contentUrl\":\"https:\/\/secure.gravatar.com\/avatar\/12ca124ad67e71bae08ea4897c864b88985a894c1b0e220a1d1925f998458f92?s=96&d=mm&r=g\",\"caption\":\"Pollica_FFI\"},\"url\":\"https:\/\/paideiacampus.org\/en\/author\/pollica_ffi\/\"}]}<\/script>\n<!-- \/ Yoast SEO plugin. -->","yoast_head_json":{"title":"Cucina Italiana: un viaggio tra identit\u00e0, memoria, convivialit\u00e0, innovazione e sostenibilit\u00e0 - Paideia Campus","description":"Future Food Institute ha supportato questo viaggio promozionale, valorizzando la rassegna \u201cConvivialit\u00e0, sostenibilit\u00e0 e innovazione: gli ingredienti della cucina italiana per la salute delle persone e la tutela del pianeta\u201d","robots":{"index":"index","follow":"follow","max-snippet":"max-snippet:-1","max-image-preview":"max-image-preview:large","max-video-preview":"max-video-preview:-1"},"canonical":"https:\/\/paideiacampus.org\/en\/cucina-italiana-identita-memoria-convivialita-innovazione-sostenibilita\/","og_locale":"en_US","og_type":"article","og_title":"Cucina Italiana: un viaggio tra identit\u00e0, memoria, convivialit\u00e0, innovazione e sostenibilit\u00e0 - Paideia Campus","og_description":"Future Food Institute ha supportato questo viaggio promozionale, valorizzando la rassegna \u201cConvivialit\u00e0, sostenibilit\u00e0 e innovazione: gli ingredienti della cucina italiana per la salute delle persone e la tutela del pianeta\u201d","og_url":"https:\/\/paideiacampus.org\/en\/cucina-italiana-identita-memoria-convivialita-innovazione-sostenibilita\/","og_site_name":"Paideia Campus","article_published_time":"2022-11-20T14:16:48+00:00","article_modified_time":"2022-12-07T14:45:07+00:00","og_image":[{"width":1024,"height":563,"url":"https:\/\/paideiacampus.org\/wp-content\/uploads\/2022\/12\/Schermata-2022-11-23-alle-08.40.47-e1669191417628-1024x563-1.png","type":"image\/png"}],"author":"Pollica_FFI","twitter_card":"summary_large_image","twitter_misc":{"Written by":"Pollica_FFI","Est. reading time":"3 minutes"},"schema":{"@context":"https:\/\/schema.org","@graph":[{"@type":"WebPage","@id":"https:\/\/paideiacampus.org\/cucina-italiana-identita-memoria-convivialita-innovazione-sostenibilita\/","url":"https:\/\/paideiacampus.org\/cucina-italiana-identita-memoria-convivialita-innovazione-sostenibilita\/","name":"Cucina Italiana: un viaggio tra identit\u00e0, memoria, convivialit\u00e0, innovazione e sostenibilit\u00e0 - Paideia Campus","isPartOf":{"@id":"https:\/\/paideiacampus.org\/#website"},"datePublished":"2022-11-20T14:16:48+00:00","dateModified":"2022-12-07T14:45:07+00:00","author":{"@id":"https:\/\/paideiacampus.org\/#\/schema\/person\/046b8d9dbb0aa2ff19995f6c947295dd"},"description":"Future Food Institute ha supportato questo viaggio promozionale, valorizzando la rassegna \u201cConvivialit\u00e0, sostenibilit\u00e0 e innovazione: gli ingredienti della cucina italiana per la salute delle persone e la tutela del pianeta\u201d","breadcrumb":{"@id":"https:\/\/paideiacampus.org\/cucina-italiana-identita-memoria-convivialita-innovazione-sostenibilita\/#breadcrumb"},"inLanguage":"en-US","potentialAction":[{"@type":"ReadAction","target":["https:\/\/paideiacampus.org\/cucina-italiana-identita-memoria-convivialita-innovazione-sostenibilita\/"]}]},{"@type":"BreadcrumbList","@id":"https:\/\/paideiacampus.org\/cucina-italiana-identita-memoria-convivialita-innovazione-sostenibilita\/#breadcrumb","itemListElement":[{"@type":"ListItem","position":1,"name":"Home","item":"https:\/\/paideiacampus.org\/"},{"@type":"ListItem","position":2,"name":"Cucina Italiana: un viaggio tra identit\u00e0, memoria, convivialit\u00e0, innovazione e sostenibilit\u00e0"}]},{"@type":"WebSite","@id":"https:\/\/paideiacampus.org\/#website","url":"https:\/\/paideiacampus.org\/","name":"Paideia Campus","description":"","potentialAction":[{"@type":"SearchAction","target":{"@type":"EntryPoint","urlTemplate":"https:\/\/paideiacampus.org\/?s={search_term_string}"},"query-input":"required name=search_term_string"}],"inLanguage":"en-US"},{"@type":"Person","@id":"https:\/\/paideiacampus.org\/#\/schema\/person\/046b8d9dbb0aa2ff19995f6c947295dd","name":"Pollica_FFI","image":{"@type":"ImageObject","inLanguage":"en-US","@id":"https:\/\/paideiacampus.org\/#\/schema\/person\/image\/","url":"https:\/\/secure.gravatar.com\/avatar\/12ca124ad67e71bae08ea4897c864b88985a894c1b0e220a1d1925f998458f92?s=96&d=mm&r=g","contentUrl":"https:\/\/secure.gravatar.com\/avatar\/12ca124ad67e71bae08ea4897c864b88985a894c1b0e220a1d1925f998458f92?s=96&d=mm&r=g","caption":"Pollica_FFI"},"url":"https:\/\/paideiacampus.org\/en\/author\/pollica_ffi\/"}]}},"_links":{"self":[{"href":"https:\/\/paideiacampus.org\/en\/wp-json\/wp\/v2\/posts\/2097","targetHints":{"allow":["GET"]}}],"collection":[{"href":"https:\/\/paideiacampus.org\/en\/wp-json\/wp\/v2\/posts"}],"about":[{"href":"https:\/\/paideiacampus.org\/en\/wp-json\/wp\/v2\/types\/post"}],"author":[{"embeddable":true,"href":"https:\/\/paideiacampus.org\/en\/wp-json\/wp\/v2\/users\/7"}],"replies":[{"embeddable":true,"href":"https:\/\/paideiacampus.org\/en\/wp-json\/wp\/v2\/comments?post=2097"}],"version-history":[{"count":1,"href":"https:\/\/paideiacampus.org\/en\/wp-json\/wp\/v2\/posts\/2097\/revisions"}],"predecessor-version":[{"id":2100,"href":"https:\/\/paideiacampus.org\/en\/wp-json\/wp\/v2\/posts\/2097\/revisions\/2100"}],"wp:featuredmedia":[{"embeddable":true,"href":"https:\/\/paideiacampus.org\/en\/wp-json\/wp\/v2\/media\/2099"}],"wp:attachment":[{"href":"https:\/\/paideiacampus.org\/en\/wp-json\/wp\/v2\/media?parent=2097"}],"wp:term":[{"taxonomy":"category","embeddable":true,"href":"https:\/\/paideiacampus.org\/en\/wp-json\/wp\/v2\/categories?post=2097"},{"taxonomy":"post_tag","embeddable":true,"href":"https:\/\/paideiacampus.org\/en\/wp-json\/wp\/v2\/tags?post=2097"}],"curies":[{"name":"wp","href":"https:\/\/api.w.org\/{rel}","templated":true}]}}