{"id":2524,"date":"2023-07-03T23:04:46","date_gmt":"2023-07-03T21:04:46","guid":{"rendered":"https:\/\/paideiacampus.org\/?p=2524"},"modified":"2023-07-03T23:04:54","modified_gmt":"2023-07-03T21:04:54","slug":"liceo-tred-al-paideia-campus","status":"publish","type":"post","link":"https:\/\/paideiacampus.org\/en\/liceo-tred-al-paideia-campus\/","title":{"rendered":"Liceo TRED al Paideia Campus"},"content":{"rendered":"<p><strong>i ragazzi dei licei TRED da tutta Italia<\/strong> <strong>per studiare il modello di Sviluppo Ecologico Integrale ispirato alla Dieta Mediterranea<\/strong><\/p>\n\n\n\n<p><em>Pollica, 30 giugno 2023 &#8211; <\/em>Al Paideia Campus di Pollica, il Future Food Institute ha dato vita a un programma immersivo dedicato agli studenti del primo anno di sperimentazione dei Licei TRED. <strong>TRED (Liceo della Transizione Ecologica e Digitale) <\/strong>\u00e8 un programma di istruzione quadriennale che combina la tradizione umanistica e scientifica del Liceo italiano con le conoscenze essenziali per affrontare attivamente la transizione digitale ed ecologica attualmente in corso. <\/p>\n\n\n\n<p>Un percorso di formazione che si focalizza sullo sviluppo di competenze tecniche e scientifiche \u2013 sempre pi\u00f9 funzionali per le professioni future \u2013, integrandole alla valorizzazione di soft skills (intelligenza emotiva; capacit\u00e0 relazionali; comunicazione).\u00a0<\/p>\n\n\n\n<p>Gli studenti del Liceo Malpighi di Bologna, del Liceo A. Vallone di Galatina (LE), dell\u2019I.S.I.T. Bassi &#8211; P. Burgatti di Cento (FE) e del Liceo Battaglini di Taranto dal <strong>27 maggio all\u20191 giugno<\/strong>; altri studenti del Liceo Pascal di Pompei, dell\u2019I.I.S. A. Omodeo di Mortara e dell\u2019I.I.S. A. Volta della Val Tidone di Castel Sangiovanni dal <strong>4 al 9 giugno<\/strong>; e infine gli studenti dell\u2019I.I.S.S. Carlo Alberto Dalla Chiesa di Montefiascone, del Liceo Fulcieri Paulucci di Calboli di Forl\u00ec e dell\u2019I.I.S Umberto Masotto di Noventa Vicentina dal <strong>18 al 23 giugno<\/strong>. Sono questi gli studenti del <strong>TRED<\/strong>, provenienti da tutta Italia che, aderendo al progetto di <strong>ELIS (Educazione Lavoro Istruzione Sport)<\/strong>: <em>\u201c<\/em><strong><em>Green Mindset:<\/em><\/strong><em> la scuola come palestra per adottare comportamenti green e sostenibili e promuovere nelle nuove generazioni competenze e sensibilit\u00e0 su transizione ecologica e cambiamenti climatici\u201d<\/em>, hanno partecipato al Boot Camp <strong><em>Trame Mediterranee, <\/em><\/strong>un vero e proprio campo sperimentale, creato dal <strong>Future Food Institute<\/strong>, in collaborazione con il Comune di Pollica e il Centro Studi Dieta Mediterranea \u201cAngelo Vassallo\u201d, per allenare i cittadini di domani al vivere Mediterraneo, apprendendo sul campo cosa vuol dire crescere seguendo un modello di sviluppo ecologico integrale.<\/p>\n\n\n\n<p>Il summer camp di<em> <\/em><strong><em>Green Mindset<\/em><\/strong><em> <\/em>previsto dai Licei del TRED si \u00e8 perfettamente accordato al progetto educativo di <strong>Future Food Institute<\/strong>, <strong><em>Trame Mediterranee<\/em><\/strong>, volto a offrire alle studentesse e agli studenti l\u2019occasione di mettere in pratica <strong>le conoscenze apprese in classe<\/strong> in <strong>situazioni reali<\/strong>, stimolando la loro volont\u00e0 di agire in contesti globali.&nbsp;<\/p>\n\n\n\n<p>Il Summer Camp <strong><em>Trame Mediterranee <\/em><\/strong>ha rappresentato un\u2019opportunit\u00e0 di confronto diretto con i custodi di conoscenze dalle origini millenarie, tradizioni, valori, sapori e creativit\u00e0 tipica delle Terre della Dieta Mediterranea \u2013 patrimonio immateriale UNESCO e fulcro di un modello di Sviluppo di Ecologia Integrale.<\/p>\n\n\n\n<p>Il programma si \u00e8 articolato in quattro percorsi: Percorso Mare e Cura \u2013 <em>I mediterranei<\/em>; Percorso Risorse e Energie \u2013 <em>I circolari<\/em>; Percorso Biodiversit\u00e0 e Foreste \u2013 <em>I green<\/em>; Percorso dalla Terra al Convivio \u2013 <em>I rigeneratori<\/em>. In conclusione, le studentesse e gli studenti sono stati sfidati con un hackaton a proporsi come protagonisti di cambiamento per ognuno dei quattro temi.<\/p>\n\n\n\n<p>\u00ab<em>Per affrontare la transizione ecologica non possiamo pi\u00f9 prescindere dal confronto con il digitale. Ma per contribuire a salvare il pianeta dall\u2019emergenza climatica \u00e8 anche necessario cambiare stili di vita, allenare il pensiero sistemico, combinare scienza e creativit\u00e0 trovando soluzioni innovative concrete.<\/em> <em>\u00c8 il motivo per cui Trame Mediterranee \u00e8 stata un\u2019opportunit\u00e0 di straordinario arricchimento non solo per i ragazzi del Liceo TRED, ma anche per noi. Immergendosi nel vivere mediterraneo, gli studenti hanno avuto l\u2019occasione di sperimentare un modello virtuoso che crea una profonda consapevolezza sul legame tra natura e uomo. E noi di Future Food Institute con il Paideia Campus abbiamo avuto la possibilit\u00e0 di contribuire alla preziosa formazione di una generazione che (persino con la scelta di un percorso scolastico) gi\u00e0 esprime la volont\u00e0 di costruire un futuro migliore del presente che \u00e8 costretta a vivere. La loro risolutezza \u00e8 per tutti noi un grande insegnamento<\/em>\u00bb: dichiara Sara Roversi, Presidente di Future Food Institute e Paideia Campus.<\/p>\n\n\n\n<p>\u00ab<em>Accogliere a Pollica i ragazzi del TRED nel primo anno di sperimentazione del loro programma \u00e8 stata una grande gioia.&nbsp;<\/em><\/p>\n\n\n\n<p><em>Il Comune di Pollica ormai da tempo ha cominciato a mettere in campo politiche e azioni specifiche che mirano alla tutela delle risorse e alla valorizzazione del Patrimonio \u201cDieta Mediterranea\u201d (intesa come stile di vita): un vero e proprio modello di sviluppo ecologico integrale \u2013 e un concreto esempio per le nuove generazioni \u2013, accolto da un territorio che \u00e8 culla della nostra cultura, modello per la valorizzazione della biodiversit\u00e0 e simbolo della lotta per la tutela dell\u2019ambiente. Tutti elementi che rendono quest\u2019esperienza formativa a Pollica davvero unica.<\/em><\/p>\n\n\n\n<p><em>Il questi anni, abbiamo creato partnership strategiche, trovando compagni di viaggio come il Future Food Institute che condividono con Pollica valori e missioni; con la nascita del Paideia Campus abbiamo trovato una strada giusta per moltiplicare gli effetti delle azioni rivolte all\u2019ecologia integrale. Oggi Pollica \u00e8 diventata un borgo laboratorio dove vengono a formarsi ragazzi dall\u2019Italia e dal mondo, sperimentando soluzioni per creare un mondo pi\u00f9 giusto. E, ora, anche una nuova casa per i ragazzi del TRED<\/em>\u00bb: dichiara Stefano Pisani, Sindaco di Pollica.<\/p>\n\n\n\n<p>\u00ab<em>Cosa intendiamo quando parliamo di transizione? Come possiamo comprendere meglio questo tema complesso, ma ormai fondamentale per il mondo, che dobbiamo (ri)costruire e rigenerare? 3-S:\u201cSentire, sapere per sostenere\u201d \u00e8 uno dei modelli pedagogici di Future Food Institute, utilizzato anche durante il Summer Camp di Green Mindset, per aiutare gli studenti dei TRED a osservare, annusare, toccare e gustare gli elementi che stanno alla base della Dieta Mediterranea e dell\u2019ecologia integrale; ma soprattutto per concretizzare le loro idee, per passare dalla teoria alla pratica. Supportiamo i giovani a diventare progettisti del presente, e cittadini di un futuro sostenibile<\/em>\u00bb: dichiara Sonia Massari, Direttrice di Future Food Academy.<\/p>\n\n\n\n<figure class=\"wp-block-gallery has-nested-images columns-default is-cropped wp-block-gallery-1 is-layout-flex wp-block-gallery-is-layout-flex\">\n\n\n<figure class=\"wp-block-image size-large\"><img fetchpriority=\"high\" decoding=\"async\" width=\"1024\" height=\"768\" data-id=\"2525\" src=\"https:\/\/paideiacampus.org\/wp-content\/uploads\/2023\/07\/PHOTO-2023-05-29-15-26-20-1024x768.jpg\" alt=\"\" class=\"wp-image-2525\" srcset=\"https:\/\/paideiacampus.org\/wp-content\/uploads\/2023\/07\/PHOTO-2023-05-29-15-26-20-1024x768.jpg 1024w, https:\/\/paideiacampus.org\/wp-content\/uploads\/2023\/07\/PHOTO-2023-05-29-15-26-20-300x225.jpg 300w, https:\/\/paideiacampus.org\/wp-content\/uploads\/2023\/07\/PHOTO-2023-05-29-15-26-20-768x576.jpg 768w, https:\/\/paideiacampus.org\/wp-content\/uploads\/2023\/07\/PHOTO-2023-05-29-15-26-20-1536x1152.jpg 1536w, https:\/\/paideiacampus.org\/wp-content\/uploads\/2023\/07\/PHOTO-2023-05-29-15-26-20-16x12.jpg 16w, https:\/\/paideiacampus.org\/wp-content\/uploads\/2023\/07\/PHOTO-2023-05-29-15-26-20.jpg 1600w\" sizes=\"(max-width: 1024px) 100vw, 1024px\" \/><\/figure>\n<\/figure>","protected":false},"excerpt":{"rendered":"<p>i ragazzi dei licei TRED da tutta Italia per studiare il modello di Sviluppo Ecologico Integrale ispirato alla Dieta Mediterranea Pollica, 30 giugno 2023 &#8211; Al Paideia Campus di Pollica, il Future Food Institute ha dato vita a un programma immersivo dedicato agli studenti del primo anno di sperimentazione dei Licei TRED. TRED (Liceo della [&#8230;]\n","protected":false},"author":7,"featured_media":2527,"comment_status":"closed","ping_status":"closed","sticky":false,"template":"","format":"standard","meta":{"om_disable_all_campaigns":false,"_monsterinsights_skip_tracking":false,"_monsterinsights_sitenote_active":false,"_monsterinsights_sitenote_note":"","_monsterinsights_sitenote_category":0,"footnotes":""},"categories":[9,7],"tags":[112],"class_list":["post-2524","post","type-post","status-publish","format-standard","has-post-thumbnail","hentry","category-community","category-news","tag-tred"],"aioseo_notices":[],"yoast_head":"<!-- This site is optimized with the Yoast SEO plugin v19.14 - https:\/\/yoast.com\/wordpress\/plugins\/seo\/ -->\n<title>Liceo TRED al Paideia Campus - Paideia Campus<\/title>\n<meta name=\"description\" content=\"Il summer camp di Green Mindset previsto dai Licei del TRED \u00e8 volto a offrire agli studenti l\u2019occasione di mettere in pratica le conoscenze apprese in classe in situazioni reali, stimolando la loro volont\u00e0 di agire in contesti globali.\" \/>\n<meta name=\"robots\" content=\"index, follow, max-snippet:-1, max-image-preview:large, max-video-preview:-1\" \/>\n<link rel=\"canonical\" href=\"https:\/\/paideiacampus.org\/en\/liceo-tred-al-paideia-campus\/\" \/>\n<meta property=\"og:locale\" content=\"en_US\" \/>\n<meta property=\"og:type\" content=\"article\" \/>\n<meta property=\"og:title\" content=\"Liceo TRED al Paideia Campus - Paideia Campus\" \/>\n<meta property=\"og:description\" content=\"Il summer camp di Green Mindset previsto dai Licei del TRED \u00e8 volto a offrire agli studenti l\u2019occasione di mettere in pratica le conoscenze apprese in classe in situazioni reali, stimolando la loro volont\u00e0 di agire in contesti globali.\" \/>\n<meta property=\"og:url\" content=\"https:\/\/paideiacampus.org\/en\/liceo-tred-al-paideia-campus\/\" \/>\n<meta property=\"og:site_name\" content=\"Paideia Campus\" \/>\n<meta property=\"article:published_time\" content=\"2023-07-03T21:04:46+00:00\" \/>\n<meta property=\"article:modified_time\" content=\"2023-07-03T21:04:54+00:00\" \/>\n<meta property=\"og:image\" content=\"https:\/\/paideiacampus.org\/wp-content\/uploads\/2023\/07\/IMG_2207-scaled.jpg\" \/>\n\t<meta property=\"og:image:width\" content=\"2560\" \/>\n\t<meta property=\"og:image:height\" content=\"1920\" \/>\n\t<meta property=\"og:image:type\" content=\"image\/jpeg\" \/>\n<meta name=\"author\" content=\"Pollica_FFI\" \/>\n<meta name=\"twitter:card\" content=\"summary_large_image\" \/>\n<meta name=\"twitter:label1\" content=\"Written by\" \/>\n\t<meta name=\"twitter:data1\" content=\"Pollica_FFI\" \/>\n\t<meta name=\"twitter:label2\" content=\"Est. reading time\" \/>\n\t<meta name=\"twitter:data2\" content=\"5 minutes\" \/>\n<script type=\"application\/ld+json\" class=\"yoast-schema-graph\">{\"@context\":\"https:\/\/schema.org\",\"@graph\":[{\"@type\":\"WebPage\",\"@id\":\"https:\/\/paideiacampus.org\/liceo-tred-al-paideia-campus\/\",\"url\":\"https:\/\/paideiacampus.org\/liceo-tred-al-paideia-campus\/\",\"name\":\"Liceo TRED al Paideia Campus - Paideia Campus\",\"isPartOf\":{\"@id\":\"https:\/\/paideiacampus.org\/#website\"},\"datePublished\":\"2023-07-03T21:04:46+00:00\",\"dateModified\":\"2023-07-03T21:04:54+00:00\",\"author\":{\"@id\":\"https:\/\/paideiacampus.org\/#\/schema\/person\/046b8d9dbb0aa2ff19995f6c947295dd\"},\"description\":\"Il summer camp di Green Mindset previsto dai Licei del TRED \u00e8 volto a offrire agli studenti l\u2019occasione di mettere in pratica le conoscenze apprese in classe in situazioni reali, stimolando la loro volont\u00e0 di agire in contesti globali.\",\"breadcrumb\":{\"@id\":\"https:\/\/paideiacampus.org\/liceo-tred-al-paideia-campus\/#breadcrumb\"},\"inLanguage\":\"en-US\",\"potentialAction\":[{\"@type\":\"ReadAction\",\"target\":[\"https:\/\/paideiacampus.org\/liceo-tred-al-paideia-campus\/\"]}]},{\"@type\":\"BreadcrumbList\",\"@id\":\"https:\/\/paideiacampus.org\/liceo-tred-al-paideia-campus\/#breadcrumb\",\"itemListElement\":[{\"@type\":\"ListItem\",\"position\":1,\"name\":\"Home\",\"item\":\"https:\/\/paideiacampus.org\/\"},{\"@type\":\"ListItem\",\"position\":2,\"name\":\"Liceo TRED al Paideia Campus\"}]},{\"@type\":\"WebSite\",\"@id\":\"https:\/\/paideiacampus.org\/#website\",\"url\":\"https:\/\/paideiacampus.org\/\",\"name\":\"Paideia Campus\",\"description\":\"\",\"potentialAction\":[{\"@type\":\"SearchAction\",\"target\":{\"@type\":\"EntryPoint\",\"urlTemplate\":\"https:\/\/paideiacampus.org\/?s={search_term_string}\"},\"query-input\":\"required name=search_term_string\"}],\"inLanguage\":\"en-US\"},{\"@type\":\"Person\",\"@id\":\"https:\/\/paideiacampus.org\/#\/schema\/person\/046b8d9dbb0aa2ff19995f6c947295dd\",\"name\":\"Pollica_FFI\",\"image\":{\"@type\":\"ImageObject\",\"inLanguage\":\"en-US\",\"@id\":\"https:\/\/paideiacampus.org\/#\/schema\/person\/image\/\",\"url\":\"https:\/\/secure.gravatar.com\/avatar\/12ca124ad67e71bae08ea4897c864b88985a894c1b0e220a1d1925f998458f92?s=96&d=mm&r=g\",\"contentUrl\":\"https:\/\/secure.gravatar.com\/avatar\/12ca124ad67e71bae08ea4897c864b88985a894c1b0e220a1d1925f998458f92?s=96&d=mm&r=g\",\"caption\":\"Pollica_FFI\"},\"url\":\"https:\/\/paideiacampus.org\/en\/author\/pollica_ffi\/\"}]}<\/script>\n<!-- \/ Yoast SEO plugin. -->","yoast_head_json":{"title":"Liceo TRED al Paideia Campus - Paideia Campus","description":"Il summer camp di Green Mindset previsto dai Licei del TRED \u00e8 volto a offrire agli studenti l\u2019occasione di mettere in pratica le conoscenze apprese in classe in situazioni reali, stimolando la loro volont\u00e0 di agire in contesti globali.","robots":{"index":"index","follow":"follow","max-snippet":"max-snippet:-1","max-image-preview":"max-image-preview:large","max-video-preview":"max-video-preview:-1"},"canonical":"https:\/\/paideiacampus.org\/en\/liceo-tred-al-paideia-campus\/","og_locale":"en_US","og_type":"article","og_title":"Liceo TRED al Paideia Campus - Paideia Campus","og_description":"Il summer camp di Green Mindset previsto dai Licei del TRED \u00e8 volto a offrire agli studenti l\u2019occasione di mettere in pratica le conoscenze apprese in classe in situazioni reali, stimolando la loro volont\u00e0 di agire in contesti globali.","og_url":"https:\/\/paideiacampus.org\/en\/liceo-tred-al-paideia-campus\/","og_site_name":"Paideia Campus","article_published_time":"2023-07-03T21:04:46+00:00","article_modified_time":"2023-07-03T21:04:54+00:00","og_image":[{"width":2560,"height":1920,"url":"https:\/\/paideiacampus.org\/wp-content\/uploads\/2023\/07\/IMG_2207-scaled.jpg","type":"image\/jpeg"}],"author":"Pollica_FFI","twitter_card":"summary_large_image","twitter_misc":{"Written by":"Pollica_FFI","Est. reading time":"5 minutes"},"schema":{"@context":"https:\/\/schema.org","@graph":[{"@type":"WebPage","@id":"https:\/\/paideiacampus.org\/liceo-tred-al-paideia-campus\/","url":"https:\/\/paideiacampus.org\/liceo-tred-al-paideia-campus\/","name":"Liceo TRED al Paideia Campus - Paideia Campus","isPartOf":{"@id":"https:\/\/paideiacampus.org\/#website"},"datePublished":"2023-07-03T21:04:46+00:00","dateModified":"2023-07-03T21:04:54+00:00","author":{"@id":"https:\/\/paideiacampus.org\/#\/schema\/person\/046b8d9dbb0aa2ff19995f6c947295dd"},"description":"Il summer camp di Green Mindset previsto dai Licei del TRED \u00e8 volto a offrire agli studenti l\u2019occasione di mettere in pratica le conoscenze apprese in classe in situazioni reali, stimolando la loro volont\u00e0 di agire in contesti globali.","breadcrumb":{"@id":"https:\/\/paideiacampus.org\/liceo-tred-al-paideia-campus\/#breadcrumb"},"inLanguage":"en-US","potentialAction":[{"@type":"ReadAction","target":["https:\/\/paideiacampus.org\/liceo-tred-al-paideia-campus\/"]}]},{"@type":"BreadcrumbList","@id":"https:\/\/paideiacampus.org\/liceo-tred-al-paideia-campus\/#breadcrumb","itemListElement":[{"@type":"ListItem","position":1,"name":"Home","item":"https:\/\/paideiacampus.org\/"},{"@type":"ListItem","position":2,"name":"Liceo TRED al Paideia Campus"}]},{"@type":"WebSite","@id":"https:\/\/paideiacampus.org\/#website","url":"https:\/\/paideiacampus.org\/","name":"Paideia Campus","description":"","potentialAction":[{"@type":"SearchAction","target":{"@type":"EntryPoint","urlTemplate":"https:\/\/paideiacampus.org\/?s={search_term_string}"},"query-input":"required name=search_term_string"}],"inLanguage":"en-US"},{"@type":"Person","@id":"https:\/\/paideiacampus.org\/#\/schema\/person\/046b8d9dbb0aa2ff19995f6c947295dd","name":"Pollica_FFI","image":{"@type":"ImageObject","inLanguage":"en-US","@id":"https:\/\/paideiacampus.org\/#\/schema\/person\/image\/","url":"https:\/\/secure.gravatar.com\/avatar\/12ca124ad67e71bae08ea4897c864b88985a894c1b0e220a1d1925f998458f92?s=96&d=mm&r=g","contentUrl":"https:\/\/secure.gravatar.com\/avatar\/12ca124ad67e71bae08ea4897c864b88985a894c1b0e220a1d1925f998458f92?s=96&d=mm&r=g","caption":"Pollica_FFI"},"url":"https:\/\/paideiacampus.org\/en\/author\/pollica_ffi\/"}]}},"_links":{"self":[{"href":"https:\/\/paideiacampus.org\/en\/wp-json\/wp\/v2\/posts\/2524","targetHints":{"allow":["GET"]}}],"collection":[{"href":"https:\/\/paideiacampus.org\/en\/wp-json\/wp\/v2\/posts"}],"about":[{"href":"https:\/\/paideiacampus.org\/en\/wp-json\/wp\/v2\/types\/post"}],"author":[{"embeddable":true,"href":"https:\/\/paideiacampus.org\/en\/wp-json\/wp\/v2\/users\/7"}],"replies":[{"embeddable":true,"href":"https:\/\/paideiacampus.org\/en\/wp-json\/wp\/v2\/comments?post=2524"}],"version-history":[{"count":2,"href":"https:\/\/paideiacampus.org\/en\/wp-json\/wp\/v2\/posts\/2524\/revisions"}],"predecessor-version":[{"id":2530,"href":"https:\/\/paideiacampus.org\/en\/wp-json\/wp\/v2\/posts\/2524\/revisions\/2530"}],"wp:featuredmedia":[{"embeddable":true,"href":"https:\/\/paideiacampus.org\/en\/wp-json\/wp\/v2\/media\/2527"}],"wp:attachment":[{"href":"https:\/\/paideiacampus.org\/en\/wp-json\/wp\/v2\/media?parent=2524"}],"wp:term":[{"taxonomy":"category","embeddable":true,"href":"https:\/\/paideiacampus.org\/en\/wp-json\/wp\/v2\/categories?post=2524"},{"taxonomy":"post_tag","embeddable":true,"href":"https:\/\/paideiacampus.org\/en\/wp-json\/wp\/v2\/tags?post=2524"}],"curies":[{"name":"wp","href":"https:\/\/api.w.org\/{rel}","templated":true}]}}